{"id":2686,"date":"2021-11-15T15:48:52","date_gmt":"2021-11-15T13:48:52","guid":{"rendered":"https:\/\/www.avvf.ch\/wp\/?p=2686"},"modified":"2021-11-15T15:52:56","modified_gmt":"2021-11-15T13:52:56","slug":"camp-noel-lausanne","status":"publish","type":"post","link":"https:\/\/www.avvf.ch\/wp\/camp-noel-lausanne\/","title":{"rendered":"Camp de No\u00ebl CTT Lausanne"},"content":{"rendered":"<div class=\"page\" title=\"Page 1\">\n<div class=\"layoutArea\">\n<div class=\"column\">\n<p>Le club du CTT Lausanne organise un camp d\u2019entra\u00eenement \u00ab ouvert \u00e0 tous niveaux \u00bb, dirig\u00e9 par Fanny Risse (entra\u00eeneure A) et Rista Stukelja (entra\u00eeneur Swiss Olympic).<\/p>\n<p><strong>DATE<\/strong><br \/>\nDu lundi 27 d\u00e9cembre au jeudi 30 d\u00e9cembre 2021<\/p>\n<p><strong>LIEU<\/strong><br \/>\nVaudoise ar\u00e9na<\/p>\n<p><strong>D\u00c9ROULEMENT<\/strong><\/p>\n<ul>\n<li>Matin de 09h00 \u00e0 12h00<\/li>\n<li>Apr\u00e8s-midi de 14h00 &#8211; 17h00<\/li>\n<li>Soir de 18h \u00e0 21h<\/li>\n<\/ul>\n<p><strong>PRIX<\/strong><\/p>\n<ul>\n<li>Frs 150.- par adulte (18 ans et plus)<\/li>\n<li>Frs 120.- par jeune (moins de 18 ans)<\/li>\n<li>Frs 150.- par jeune (moins de 18 ans pour <strong>deux<\/strong> entrainements)<\/li>\n<\/ul>\n<p>Infos et inscriptions: <a href=\"http:\/\/www.avvf.ch\/wp\/wp-content\/uploads\/2021\/11\/Camp-de-Noel-2021.pdf\">Camp de No\u00ebl 2021<\/a><\/p>\n<\/div>\n<\/div>\n<\/div>\n","protected":false},"excerpt":{"rendered":"<p>Le club du CTT Lausanne organise un camp d\u2019entra\u00eenement \u00ab ouvert \u00e0 tous niveaux \u00bb, dirig\u00e9 par Fanny Risse (entra\u00eeneure A) et Rista Stukelja (entra\u00eeneur Swiss Olympic). DATE Du lundi [&#8230;]<\/p>\n","protected":false},"author":7,"featured_media":1925,"comment_status":"open","ping_status":"open","sticky":false,"template":"","format":"standard","meta":{"footnotes":""},"categories":[1],"tags":[],"class_list":["post-2686","post","type-post","status-publish","format-standard","has-post-thumbnail","hentry","category-uncategorized"],"_links":{"self":[{"href":"https:\/\/www.avvf.ch\/wp\/wp-json\/wp\/v2\/posts\/2686","targetHints":{"allow":["GET"]}}],"collection":[{"href":"https:\/\/www.avvf.ch\/wp\/wp-json\/wp\/v2\/posts"}],"about":[{"href":"https:\/\/www.avvf.ch\/wp\/wp-json\/wp\/v2\/types\/post"}],"author":[{"embeddable":true,"href":"https:\/\/www.avvf.ch\/wp\/wp-json\/wp\/v2\/users\/7"}],"replies":[{"embeddable":true,"href":"https:\/\/www.avvf.ch\/wp\/wp-json\/wp\/v2\/comments?post=2686"}],"version-history":[{"count":4,"href":"https:\/\/www.avvf.ch\/wp\/wp-json\/wp\/v2\/posts\/2686\/revisions"}],"predecessor-version":[{"id":2691,"href":"https:\/\/www.avvf.ch\/wp\/wp-json\/wp\/v2\/posts\/2686\/revisions\/2691"}],"wp:featuredmedia":[{"embeddable":true,"href":"https:\/\/www.avvf.ch\/wp\/wp-json\/wp\/v2\/media\/1925"}],"wp:attachment":[{"href":"https:\/\/www.avvf.ch\/wp\/wp-json\/wp\/v2\/media?parent=2686"}],"wp:term":[{"taxonomy":"category","embeddable":true,"href":"https:\/\/www.avvf.ch\/wp\/wp-json\/wp\/v2\/categories?post=2686"},{"taxonomy":"post_tag","embeddable":true,"href":"https:\/\/www.avvf.ch\/wp\/wp-json\/wp\/v2\/tags?post=2686"}],"curies":[{"name":"wp","href":"https:\/\/api.w.org\/{rel}","templated":true}]}}