{"id":324,"date":"2014-05-01T07:51:51","date_gmt":"2014-05-01T07:51:51","guid":{"rendered":"http:\/\/www.avvf.ch\/wp\/index.php\/2014\/05\/01\/camp-de-fiesh-avvf\/"},"modified":"2014-05-01T07:51:51","modified_gmt":"2014-05-01T07:51:51","slug":"camp-de-fiesh-avvf","status":"publish","type":"post","link":"https:\/\/www.avvf.ch\/wp\/camp-de-fiesh-avvf\/","title":{"rendered":"Camp de Fiesh AVVF"},"content":{"rendered":"<p><span style=\"text-decoration: underline; color: #339966;\"><strong>C<span style=\"text-decoration: underline;\">AMP DE FIESCH AVVF &#8211; INFORMATIONS<\/span><\/strong><\/span><\/p>\n<p>1. <strong>Le lieu:<\/strong> voir site internet du <a href=\"http:\/\/www.sport-ferienresort.ch\/fr\/info\" target=\"_blank\">Sport Ferien Fiesch<\/a><\/p>\n<p>2. <strong>Nombre de jours et dates<\/strong>: 5 jours du<strong> 7 au 11 ao\u00fbt 2017<\/strong><\/p>\n<p>3. <strong>Logement<\/strong>: Chambres \u00e0 4 personnes<\/p>\n<p>4. <strong>Prix<\/strong>: CHF 400.- pour 5 jours incluant l&rsquo;h\u00e9bergement, les repas, le stage<\/p>\n<p>Ce prix n&rsquo;inclue pas le transport qui sera organis\u00e9 en groupe \u00e0 part (par train)<\/p>\n<p>5.<strong> Encadrement<\/strong>: l&rsquo;encadrement est assur\u00e9 par des adultes et entraineurs exp\u00e9riment\u00e9s<\/p>\n<p><strong>Renseignements aupr\u00e8s de<\/strong>: Yves Odobert (079 252 31 58) ou par mail \u00e0 odobert@gmail.com<\/p>\n<p>\u00a0<\/p>\n<p align=\"center\"><strong><span style=\"text-decoration: underline;\">Exemple de Programme &#8211; Fiesch\u00a0<\/span> <br \/><\/strong><\/p>\n<p>\u00a0<\/p>\n<p><span style=\"text-decoration: underline;\"><strong>Lundi:<\/strong><\/span><\/p>\n<p>\u00a0<\/p>\n<p>&#8211;\u00a0\u00a0\u00a0\u00a0\u00a0\u00a0 11h Arriv\u00e9e des joueurs, pr\u00e9sentation du staff, distribution des cl\u00e9s, installation en chambre.<\/p>\n<p>&#8211;\u00a0\u00a0\u00a0\u00a0\u00a0\u00a0 12h15 Repas de midi au centre<\/p>\n<p>&#8211;\u00a0\u00a0\u00a0\u00a0\u00a0\u00a0 12h45 \u2013 14h30 Installation, petite visite du centre et village en groupe surtout pour les nouveaux<\/p>\n<p>&#8211;\u00a0\u00a0\u00a0\u00a0\u00a0\u00a0 14h45 Rendez-vous pour monter la salle<\/p>\n<p>&#8211;\u00a0\u00a0\u00a0\u00a0\u00a0\u00a0 15h00 \u2013 17h45 Entra\u00eenement<\/p>\n<p>&#8211;\u00a0\u00a0\u00a0\u00a0\u00a0\u00a0 18h15 Repas du soir<\/p>\n<p>&#8211;\u00a0\u00a0\u00a0\u00a0\u00a0\u00a0 19h30 \u2013 21h00 Entra\u00eenement<\/p>\n<p>&#8211;\u00a0\u00a0\u00a0\u00a0\u00a0\u00a0 22h00 En chambre\u00a0! Contr\u00f4le des pr\u00e9sences<\/p>\n<p>&#8211;\u00a0\u00a0\u00a0\u00a0\u00a0\u00a0 22h30 Extinction des feux<\/p>\n<p>\u00a0<\/p>\n<p><span style=\"text-decoration: underline;\"><strong>Mardi :<\/strong><\/span><\/p>\n<p>\u00a0<\/p>\n<p>&#8211;\u00a0\u00a0\u00a0\u00a0\u00a0\u00a0 07h30 R\u00e9veil<\/p>\n<p>&#8211;\u00a0\u00a0\u00a0\u00a0\u00a0\u00a0 07h45 Footing suivi directement du d\u00e9jeuner \u00e0 08h00 environ<\/p>\n<p>&#8211;\u00a0\u00a0\u00a0\u00a0\u00a0\u00a0 09h15 \u2013 11h45 Entra\u00eenement<\/p>\n<p>&#8211;\u00a0\u00a0\u00a0\u00a0\u00a0\u00a0 12h15 Repas du midi<\/p>\n<p>&#8211;\u00a0\u00a0\u00a0\u00a0\u00a0\u00a0 12h45 \u2013 15h00 Libre \u00e0 Activit\u00e9s \u00e0 choix au centre<\/p>\n<p>&#8211;\u00a0\u00a0\u00a0\u00a0\u00a0\u00a0 15h15 \u2013 17h45 Entra\u00eenement<\/p>\n<p>&#8211;\u00a0\u00a0\u00a0\u00a0\u00a0\u00a0 18h15 Repas du soir<\/p>\n<p>&#8211;\u00a0\u00a0\u00a0\u00a0\u00a0\u00a0 19h00 \u2013 20h30 Activit\u00e9 en groupe\u00a0aux terrains de sport\u00a0! Match de foot, basket ou beach-volley \u00e0 choix.<\/p>\n<p>&#8211;\u00a0\u00a0\u00a0\u00a0\u00a0\u00a0 22h00 En chambre\u00a0! Contr\u00f4le des pr\u00e9sences<\/p>\n<p>&#8211;\u00a0\u00a0\u00a0\u00a0\u00a0\u00a0 22h30 Extinction des feux<\/p>\n<p>\u00a0<\/p>\n<p><span style=\"text-decoration: underline;\"><strong>Mercredi:<\/strong><\/span><\/p>\n<p>\u00a0<\/p>\n<p>&#8211;\u00a0\u00a0\u00a0\u00a0\u00a0\u00a0 07h30 R\u00e9veil<\/p>\n<p>&#8211;\u00a0\u00a0\u00a0\u00a0\u00a0\u00a0 07h45 Footing suivi directement du d\u00e9jeuner \u00e0 08h00 environ<\/p>\n<p>&#8211;\u00a0\u00a0\u00a0\u00a0\u00a0\u00a0 09h15 \u2013 11h45 Entra\u00eenement<\/p>\n<p>&#8211;\u00a0\u00a0\u00a0\u00a0\u00a0\u00a0 12h15 Repas du midi<\/p>\n<p>&#8211;\u00a0\u00a0\u00a0\u00a0\u00a0\u00a0 13h00 \u2013 15h00 Balade au Glacier d\u2019Aletsch (compris dans le stage\u00a0!) \u00e0 Pr\u00e9voir peut-\u00eatre un petit sac \u00e0 dos pour prendre \u00e0 boire mais ils pourront se partager leurs sacs.<\/p>\n<p>&#8211;\u00a0\u00a0\u00a0\u00a0\u00a0\u00a0 15h15 \u2013 18h00 Entra\u00eenement<\/p>\n<p>&#8211;\u00a0\u00a0\u00a0\u00a0\u00a0\u00a0 18h15 Repas du soir<\/p>\n<p>&#8211;\u00a0\u00a0\u00a0\u00a0\u00a0\u00a0 D\u00e8s 19h00 Libre, apr\u00e8s cette longue journ\u00e9e mais la salle est libre et ouverte si vous voulez jouer\u00a0!<\/p>\n<p>&#8211;\u00a0\u00a0\u00a0\u00a0\u00a0\u00a0 22h00 En chambre\u00a0! Contr\u00f4le des pr\u00e9sences<\/p>\n<p>&#8211;\u00a0\u00a0\u00a0\u00a0\u00a0\u00a0 22h30 Extinction des feux<\/p>\n<p>\u00a0<\/p>\n<p><span style=\"text-decoration: underline;\"><strong>Jeudi:<\/strong><\/span><\/p>\n<p>\u00a0<\/p>\n<p>&#8211;\u00a0\u00a0\u00a0\u00a0\u00a0\u00a0 07h30 R\u00e9veil<\/p>\n<p>&#8211;\u00a0\u00a0\u00a0\u00a0\u00a0\u00a0 07h45 Footing suivi directement du d\u00e9jeuner \u00e0 08h00 environ<\/p>\n<p>&#8211;\u00a0\u00a0\u00a0\u00a0\u00a0\u00a0 09h15 \u2013 11h45 Entra\u00eenement<\/p>\n<p>&#8211;\u00a0\u00a0\u00a0\u00a0\u00a0\u00a0 12h15 Repas du midi<\/p>\n<p>&#8211;\u00a0\u00a0\u00a0\u00a0\u00a0\u00a0 12h45 \u2013 15h00 Libre \u00e0 Activit\u00e9s \u00e0 choix au centre<\/p>\n<p>&#8211;\u00a0\u00a0\u00a0\u00a0\u00a0\u00a0 15h15 \u2013 18h15 Entra\u00eenement plus long car pas d\u2019activit\u00e9 le soir<\/p>\n<p>&#8211;\u00a0\u00a0\u00a0\u00a0\u00a0\u00a0 19h00 Rendez-vous \u00e0 c\u00f4t\u00e9 du parking pour des grillades tous ensemble (pris en charge par le stage \u00e9galement) Nous ferons une commande pour savoir les go\u00fbts barbecue des uns et des autres<\/p>\n<p>&#8211;\u00a0\u00a0\u00a0\u00a0\u00a0\u00a0 22h30 En chambre\u00a0! Prolongation \u00e0 cause des grillades.<\/p>\n<p>&#8211;\u00a0\u00a0\u00a0\u00a0\u00a0\u00a0 22h45 Extinction des feux<\/p>\n<p>\u00a0<\/p>\n<p><span style=\"text-decoration: underline;\"><strong>Vendredi:<\/strong><\/span><\/p>\n<p>\u00a0<\/p>\n<p>&#8211;\u00a0\u00a0\u00a0\u00a0\u00a0\u00a0 07h30 R\u00e9veil<\/p>\n<p>&#8211;\u00a0\u00a0\u00a0\u00a0\u00a0\u00a0 07h45 Footing suivi directement du d\u00e9jeuner \u00e0 08h00 environ<\/p>\n<p>&#8211;\u00a0\u00a0\u00a0\u00a0\u00a0\u00a0 08h15 \u2013 09h00 Contr\u00f4le de l\u2019\u00e9tat des chambres avec le concierge, tout devra \u00eatre emball\u00e9 et rang\u00e9\u00a0! Vous irez \u00e0 la salle avec vos affaires<\/p>\n<p>&#8211;\u00a0\u00a0\u00a0\u00a0\u00a0\u00a0 09h30 \u2013 12h00 Tournoi (Qualification \u00e0 Groupes)<\/p>\n<p>&#8211;\u00a0\u00a0\u00a0\u00a0\u00a0\u00a0 12h15 Repas du midi<\/p>\n<p>&#8211;\u00a0\u00a0\u00a0\u00a0\u00a0\u00a0 13h45 \u2013 15h30 Tournoi (Finales, toutes places se jouent)<\/p>\n<p>&#8211;\u00a0\u00a0\u00a0\u00a0\u00a0\u00a0 15h45 Remise des prix,<\/p>\n<p>&#8211;\u00a0\u00a0\u00a0\u00a0\u00a0\u00a0 16h00 Fin<\/p>\n<p>\u00a0<\/p>\n<p>\u00a0<\/p>\n","protected":false},"excerpt":{"rendered":"<p>CAMP DE FIESCH AVVF &#8211; INFORMATIONS 1. Le lieu: voir site internet du Sport Ferien Fiesch 2. Nombre de jours et dates: 5 jours du 7 au 11 ao\u00fbt 2017 [&#8230;]<\/p>\n","protected":false},"author":2,"featured_media":211,"comment_status":"open","ping_status":"open","sticky":false,"template":"","format":"standard","meta":{"footnotes":""},"categories":[7],"tags":[],"class_list":["post-324","post","type-post","status-publish","format-standard","has-post-thumbnail","hentry","category-jeunesse"],"_links":{"self":[{"href":"https:\/\/www.avvf.ch\/wp\/wp-json\/wp\/v2\/posts\/324","targetHints":{"allow":["GET"]}}],"collection":[{"href":"https:\/\/www.avvf.ch\/wp\/wp-json\/wp\/v2\/posts"}],"about":[{"href":"https:\/\/www.avvf.ch\/wp\/wp-json\/wp\/v2\/types\/post"}],"author":[{"embeddable":true,"href":"https:\/\/www.avvf.ch\/wp\/wp-json\/wp\/v2\/users\/2"}],"replies":[{"embeddable":true,"href":"https:\/\/www.avvf.ch\/wp\/wp-json\/wp\/v2\/comments?post=324"}],"version-history":[{"count":0,"href":"https:\/\/www.avvf.ch\/wp\/wp-json\/wp\/v2\/posts\/324\/revisions"}],"wp:featuredmedia":[{"embeddable":true,"href":"https:\/\/www.avvf.ch\/wp\/wp-json\/wp\/v2\/media\/211"}],"wp:attachment":[{"href":"https:\/\/www.avvf.ch\/wp\/wp-json\/wp\/v2\/media?parent=324"}],"wp:term":[{"taxonomy":"category","embeddable":true,"href":"https:\/\/www.avvf.ch\/wp\/wp-json\/wp\/v2\/categories?post=324"},{"taxonomy":"post_tag","embeddable":true,"href":"https:\/\/www.avvf.ch\/wp\/wp-json\/wp\/v2\/tags?post=324"}],"curies":[{"name":"wp","href":"https:\/\/api.w.org\/{rel}","templated":true}]}}