{"id":3789,"date":"2024-04-24T19:50:44","date_gmt":"2024-04-24T18:50:44","guid":{"rendered":"https:\/\/www.avvf.ch\/wp\/?p=3789"},"modified":"2024-04-24T19:50:44","modified_gmt":"2024-04-24T18:50:44","slug":"championnats-suisses-jeunesse-2024","status":"publish","type":"post","link":"https:\/\/www.avvf.ch\/wp\/championnats-suisses-jeunesse-2024\/","title":{"rendered":"Championnats suisses jeunesse 2024"},"content":{"rendered":"<p>Les championnats suisses jeunesse 2024 de tennis de table se sont d\u00e9roul\u00e9s \u00e0 Lyss le week-end du 20 et 21 avril. 21 juniors de l\u2019AVVF (5 filles et 16 gar\u00e7ons) y ont particip\u00e9. Ils proviennent des clubs suivants\u00a0: Bulle, Collombey-Muraz, Crissier, Gland, Lausanne, Martigny, Nyon, Rossens et Vevey.<\/p>\n<p>L\u2019AVVF facilite tous les juniors ayant particip\u00e9 au championnat suisse jeunesse. Cette qualification \u00e0 ce tournoi majeur constitue une r\u00e9compense pour les entra\u00eenements effectu\u00e9s chaque semaine au sein des clubs.<\/p>\n<p>La motivation et la passion pour le tennis de table de nos jeunes espoirs est une grande satisfaction pour l\u2019AVVF.<\/p>\n<p>Voici les podiums obtenus par les jeunes de l\u2019AVVF\u00a0:<\/p>\n<ul>\n<li>Noah Karlen (CTT Lausanne)\u00a0: or en double gar\u00e7ons U15<\/li>\n<li>Dilana Tassin (CTT Lausanne) : argent en double dame U19 et bronze en simple dames U19<\/li>\n<li>Karen Miller (CTT Rossens)\u00a0: bronze en double dame U19<\/li>\n<li>Manon Clerc (CTT Collombey-Muraz): bronze en double dame U17<\/li>\n<li>Kylian Perrier (CTT Crissier) : bronze en double gar\u00e7ons U11<\/li>\n<\/ul>\n<p>Bravo \u00e0 toutes et \u00e0 tous\u00a0! Et f\u00e9licitations \u00e9galement aux clubs et aux parents des clubs concern\u00e9s pour leur travail et leur suivi tout au long de l\u2019ann\u00e9e.<\/p>\n<p>Fabrice Descloux<br \/>\nResponsable jeunesse AVVF<\/p>\n<p>Photos par Ren\u00e9 Zwald<\/p>\n<p>&nbsp;<\/p>\n<p><strong>Noah Karlen (CTT Lausanne)\u00a0: or en double gar\u00e7ons U15<\/strong><\/p>\n<p><img loading=\"lazy\" decoding=\"async\" class=\"alignnone size-full wp-image-3799\" src=\"http:\/\/www.avvf.ch\/wp\/wp-content\/uploads\/2024\/04\/Noah-Karlen.jpg\" alt=\"\" width=\"1000\" height=\"613\" srcset=\"https:\/\/www.avvf.ch\/wp\/wp-content\/uploads\/2024\/04\/Noah-Karlen.jpg 1000w, https:\/\/www.avvf.ch\/wp\/wp-content\/uploads\/2024\/04\/Noah-Karlen-300x184.jpg 300w, https:\/\/www.avvf.ch\/wp\/wp-content\/uploads\/2024\/04\/Noah-Karlen-768x471.jpg 768w\" sizes=\"auto, (max-width: 1000px) 100vw, 1000px\" \/><\/p>\n<p><strong>Dilana Tassin (CTT Lausanne) : bronze en simple dames U19<\/strong><\/p>\n<p><img loading=\"lazy\" decoding=\"async\" class=\"alignnone size-full wp-image-3801\" src=\"http:\/\/www.avvf.ch\/wp\/wp-content\/uploads\/2024\/04\/Dilana-Tassin-.jpg\" alt=\"\" width=\"1000\" height=\"699\" srcset=\"https:\/\/www.avvf.ch\/wp\/wp-content\/uploads\/2024\/04\/Dilana-Tassin-.jpg 1000w, https:\/\/www.avvf.ch\/wp\/wp-content\/uploads\/2024\/04\/Dilana-Tassin--300x210.jpg 300w, https:\/\/www.avvf.ch\/wp\/wp-content\/uploads\/2024\/04\/Dilana-Tassin--768x537.jpg 768w\" sizes=\"auto, (max-width: 1000px) 100vw, 1000px\" \/><\/p>\n<p><strong>Dilana Tassin (CTT Lausanne) : argent et Karen Miller (CTT Rossens) : bronze en double dames U19<\/strong><\/p>\n<p><img loading=\"lazy\" decoding=\"async\" class=\"alignnone size-full wp-image-3802\" src=\"http:\/\/www.avvf.ch\/wp\/wp-content\/uploads\/2024\/04\/Karen-Miller-et-Dilana-Tassin.jpg\" alt=\"\" width=\"1000\" height=\"595\" srcset=\"https:\/\/www.avvf.ch\/wp\/wp-content\/uploads\/2024\/04\/Karen-Miller-et-Dilana-Tassin.jpg 1000w, https:\/\/www.avvf.ch\/wp\/wp-content\/uploads\/2024\/04\/Karen-Miller-et-Dilana-Tassin-300x179.jpg 300w, https:\/\/www.avvf.ch\/wp\/wp-content\/uploads\/2024\/04\/Karen-Miller-et-Dilana-Tassin-768x457.jpg 768w\" sizes=\"auto, (max-width: 1000px) 100vw, 1000px\" \/><\/p>\n<p><strong>Manon Clerc (CTT Collombey-Muraz): bronze en double dame U17<\/strong>\u00a0<img loading=\"lazy\" decoding=\"async\" class=\"alignnone size-full wp-image-3800\" src=\"http:\/\/www.avvf.ch\/wp\/wp-content\/uploads\/2024\/04\/Manon-Clerc.jpg\" alt=\"\" width=\"1000\" height=\"582\" srcset=\"https:\/\/www.avvf.ch\/wp\/wp-content\/uploads\/2024\/04\/Manon-Clerc.jpg 1000w, https:\/\/www.avvf.ch\/wp\/wp-content\/uploads\/2024\/04\/Manon-Clerc-300x175.jpg 300w, https:\/\/www.avvf.ch\/wp\/wp-content\/uploads\/2024\/04\/Manon-Clerc-768x447.jpg 768w\" sizes=\"auto, (max-width: 1000px) 100vw, 1000px\" \/><\/p>\n<p><strong>Kylian Perrier (CTT Crissier) : bronze en double gar\u00e7ons U11<\/strong><\/p>\n<p><img loading=\"lazy\" decoding=\"async\" class=\"alignnone size-full wp-image-3798\" src=\"http:\/\/www.avvf.ch\/wp\/wp-content\/uploads\/2024\/04\/Kylian-Perrier.jpg\" alt=\"\" width=\"1000\" height=\"653\" srcset=\"https:\/\/www.avvf.ch\/wp\/wp-content\/uploads\/2024\/04\/Kylian-Perrier.jpg 1000w, https:\/\/www.avvf.ch\/wp\/wp-content\/uploads\/2024\/04\/Kylian-Perrier-300x196.jpg 300w, https:\/\/www.avvf.ch\/wp\/wp-content\/uploads\/2024\/04\/Kylian-Perrier-768x502.jpg 768w\" sizes=\"auto, (max-width: 1000px) 100vw, 1000px\" \/><\/p>\n","protected":false},"excerpt":{"rendered":"<p>Les championnats suisses jeunesse 2024 de tennis de table se sont d\u00e9roul\u00e9s \u00e0 Lyss le week-end du 20 et 21 avril. 21 juniors de l\u2019AVVF (5 filles et 16 gar\u00e7ons) [&#8230;]<\/p>\n","protected":false},"author":7,"featured_media":3799,"comment_status":"open","ping_status":"open","sticky":false,"template":"","format":"standard","meta":{"footnotes":""},"categories":[1],"tags":[],"class_list":["post-3789","post","type-post","status-publish","format-standard","has-post-thumbnail","hentry","category-uncategorized"],"_links":{"self":[{"href":"https:\/\/www.avvf.ch\/wp\/wp-json\/wp\/v2\/posts\/3789","targetHints":{"allow":["GET"]}}],"collection":[{"href":"https:\/\/www.avvf.ch\/wp\/wp-json\/wp\/v2\/posts"}],"about":[{"href":"https:\/\/www.avvf.ch\/wp\/wp-json\/wp\/v2\/types\/post"}],"author":[{"embeddable":true,"href":"https:\/\/www.avvf.ch\/wp\/wp-json\/wp\/v2\/users\/7"}],"replies":[{"embeddable":true,"href":"https:\/\/www.avvf.ch\/wp\/wp-json\/wp\/v2\/comments?post=3789"}],"version-history":[{"count":4,"href":"https:\/\/www.avvf.ch\/wp\/wp-json\/wp\/v2\/posts\/3789\/revisions"}],"predecessor-version":[{"id":3804,"href":"https:\/\/www.avvf.ch\/wp\/wp-json\/wp\/v2\/posts\/3789\/revisions\/3804"}],"wp:featuredmedia":[{"embeddable":true,"href":"https:\/\/www.avvf.ch\/wp\/wp-json\/wp\/v2\/media\/3799"}],"wp:attachment":[{"href":"https:\/\/www.avvf.ch\/wp\/wp-json\/wp\/v2\/media?parent=3789"}],"wp:term":[{"taxonomy":"category","embeddable":true,"href":"https:\/\/www.avvf.ch\/wp\/wp-json\/wp\/v2\/categories?post=3789"},{"taxonomy":"post_tag","embeddable":true,"href":"https:\/\/www.avvf.ch\/wp\/wp-json\/wp\/v2\/tags?post=3789"}],"curies":[{"name":"wp","href":"https:\/\/api.w.org\/{rel}","templated":true}]}}