{"id":4622,"date":"2024-10-10T14:05:22","date_gmt":"2024-10-10T13:05:22","guid":{"rendered":"https:\/\/www.avvf.ch\/wp\/?p=4622"},"modified":"2024-12-27T03:29:12","modified_gmt":"2024-12-27T02:29:12","slug":"le-calendrier-jeunesse-2024-2025-est-disponible","status":"publish","type":"post","link":"https:\/\/www.avvf.ch\/wp\/le-calendrier-jeunesse-2024-2025-est-disponible\/","title":{"rendered":"Calendrier jeunesse 2024\/2025"},"content":{"rendered":"<h1 style=\"text-align: center;\">Le calendrier jeunesse 2024\/2025 est disponible<\/h1>\n<p><a href=\"https:\/\/www.avvf.ch\/wp\/wp-content\/uploads\/simple-file-list\/Groupes-Jeunes-2024-2025.pdf\" target=\"_blank\" rel=\"noopener\">Les groupes sont d\u00e9finitifs.<\/a><\/p>\n<p><a href=\"https:\/\/www.click-tt.ch\/cgi-bin\/WebObjects\/nuLigaTTCH.woa\/wa\/groupPage?championship=AVVF+24%2F25&amp;group=214836\" target=\"_blank\" rel=\"noopener\">Le calendrier est disponible sur click-tt (1\u00e8re ligue)<\/a><\/p>\n<p><a href=\"https:\/\/www.click-tt.ch\/cgi-bin\/WebObjects\/nuLigaTTCH.woa\/wa\/groupPage?championship=AVVF+24%2F25&amp;group=214837\" target=\"_blank\" rel=\"noopener\">Le calendrier est disponible sur click-tt (2\u00e8me ligue groupe 1)<\/a><\/p>\n<p><a href=\"https:\/\/www.click-tt.ch\/cgi-bin\/WebObjects\/nuLigaTTCH.woa\/wa\/groupPage?championship=AVVF+24%2F25&amp;group=214838\" target=\"_blank\" rel=\"noopener\">Le calendrier est disponible sur click-tt (2\u00e8me ligue groupe 2)<\/a><\/p>\n<p>&nbsp;<\/p>\n<p><strong>Informations importantes :<\/strong><\/p>\n<p>&#8211; Jusqu&rsquo;au 30.10.2024 : Le calendrier est provisoire, car certains matchs peuvent \u00eatre d\u00e9plac\u00e9s.<br \/>\n&#8211; Jusqu&rsquo;au 30.10.2024 : Aucun frais de d\u00e9placement n&rsquo;est appliqu\u00e9, et il n&rsquo;est pas n\u00e9cessaire de demander l&rsquo;accord de l&rsquo;\u00e9quipe adverse pour d\u00e9placer les matchs \u00e0 domicile.<br \/>\n&#8211; Jusqu&rsquo;au 30.10.2024 : Pas de frais de d\u00e9placement, mais il faut trouver un accord avec l&rsquo;\u00e9quipe adverse pour d\u00e9placer les matchs \u00e0 l&rsquo;ext\u00e9rieur.<br \/>\n&#8211; \u00c0 partir du 01.11.2024 : Le calendrier est d\u00e9finitif. Un accord doit \u00eatre trouv\u00e9 avec l&rsquo;\u00e9quipe adverse pour tout d\u00e9placement de match, et des frais de d\u00e9placement de 15.- seront \u00e0 la charge du club demandeur.<\/p>\n<p><a href=\"https:\/\/form.jotform.com\/241867243368364\" target=\"_blank\" rel=\"noopener\">Les d\u00e9placements sont \u00e0 faire par le formulaire habituel.<\/a><\/p>\n","protected":false},"excerpt":{"rendered":"<p>Le calendrier jeunesse 2024\/2025 est disponible Les groupes sont d\u00e9finitifs. Le calendrier est disponible sur click-tt (1\u00e8re ligue) Le calendrier est disponible sur click-tt (2\u00e8me ligue groupe 1) Le calendrier [&#8230;]<\/p>\n","protected":false},"author":9,"featured_media":2433,"comment_status":"closed","ping_status":"closed","sticky":false,"template":"","format":"standard","meta":{"footnotes":""},"categories":[6],"tags":[],"class_list":["post-4622","post","type-post","status-publish","format-standard","has-post-thumbnail","hentry","category-competitions"],"_links":{"self":[{"href":"https:\/\/www.avvf.ch\/wp\/wp-json\/wp\/v2\/posts\/4622","targetHints":{"allow":["GET"]}}],"collection":[{"href":"https:\/\/www.avvf.ch\/wp\/wp-json\/wp\/v2\/posts"}],"about":[{"href":"https:\/\/www.avvf.ch\/wp\/wp-json\/wp\/v2\/types\/post"}],"author":[{"embeddable":true,"href":"https:\/\/www.avvf.ch\/wp\/wp-json\/wp\/v2\/users\/9"}],"replies":[{"embeddable":true,"href":"https:\/\/www.avvf.ch\/wp\/wp-json\/wp\/v2\/comments?post=4622"}],"version-history":[{"count":6,"href":"https:\/\/www.avvf.ch\/wp\/wp-json\/wp\/v2\/posts\/4622\/revisions"}],"predecessor-version":[{"id":4630,"href":"https:\/\/www.avvf.ch\/wp\/wp-json\/wp\/v2\/posts\/4622\/revisions\/4630"}],"wp:featuredmedia":[{"embeddable":true,"href":"https:\/\/www.avvf.ch\/wp\/wp-json\/wp\/v2\/media\/2433"}],"wp:attachment":[{"href":"https:\/\/www.avvf.ch\/wp\/wp-json\/wp\/v2\/media?parent=4622"}],"wp:term":[{"taxonomy":"category","embeddable":true,"href":"https:\/\/www.avvf.ch\/wp\/wp-json\/wp\/v2\/categories?post=4622"},{"taxonomy":"post_tag","embeddable":true,"href":"https:\/\/www.avvf.ch\/wp\/wp-json\/wp\/v2\/tags?post=4622"}],"curies":[{"name":"wp","href":"https:\/\/api.w.org\/{rel}","templated":true}]}}